{"id":33994,"date":"2023-04-05T07:00:00","date_gmt":"2023-04-05T07:00:00","guid":{"rendered":"https:\/\/www.alquiler-madrid.com\/?p=33994"},"modified":"2025-01-07T19:59:49","modified_gmt":"2025-01-07T19:59:49","slug":"ideas-decorar-oficinas-alquiler-madrid","status":"publish","type":"post","link":"https:\/\/www.alquiler-madrid.com\/es\/ideas-decorar-oficinas-alquiler-madrid\/","title":{"rendered":"Ideas para decorar oficinas de alquiler en Madrid"},"content":{"rendered":"\n<p>En <a href=\"https:\/\/www.alquiler-madrid.com\/es\" target=\"_blank\" rel=\"noreferrer noopener\"><strong>Alquiler-Madrid<\/strong><\/a> ponemos a su disposici\u00f3n las mejores oficinas de alquiler de la capital. Con excelentes ubicaciones, nuestras oficinas de alquiler se encuentran situadas en zonas estrat\u00e9gicas y bien comunicadas para el \u00e9xito de su negocio. Contacte con nosotros y le informaremos de las oficinas que tenemos disponibles y de su precio.<\/p>\n\n\n\n<p><strong>\u00a1Encuentre la oficina perfecta para su negocio! <\/strong>Alquile con Alquiler-Madrid ya que somos propietarios de nuestros edificios. Contacte directamente con nosotros sin intermediarios. \u00a1Consiga la mejor oferta de alquiler de oficinas en Madrid!<\/p>\n\n\n\n<p>Nuestras <a href=\"https:\/\/www.alquiler-madrid.com\/es\/oficinas-alquiler-madrid\/\" target=\"_blank\" rel=\"noreferrer noopener\"><strong>oficinas<\/strong><\/a><strong> <\/strong>cuentan con instalaciones modernas, con grandes ventanales para la entrada de luz natural, con espacios di\u00e1fanos para dividirlos seg\u00fan necesidades, con despachos y salas de reuniones, con sistema de climatizaci\u00f3n (calefacci\u00f3n y aire acondicionado), con cuartos de ba\u00f1o\u2026 Tambi\u00e9n podr\u00e1 encontrar oficinas de alquiler con garaje, lo que ser\u00e1 una gran ventaja ya que no perder\u00e1 tiempo en buscar aparcamiento por la zona.<\/p>\n\n\n\n<p>Contacte con nosotros y expl\u00edquenos qu\u00e9 oficina est\u00e1 buscando: ubicaci\u00f3n, con o sin garaje, cerca de transportes p\u00fablicos, con zona de cocina\u2026. Nos encargaremos de hacer una preselecci\u00f3n de aquellas oficinas que tenemos disponibles y que mejor encajan con sus necesidades. \u00a1Le esperamos!<\/p>\n\n\n\n<h2 class=\"wp-block-heading\"><strong>Consejos para decorar oficinas de alquiler <\/strong><strong><\/strong><\/h2>\n\n\n\n<p><strong>Separaciones con cristal. <\/strong>Cuando las oficinas cuentan con espacios di\u00e1fanos, una fant\u00e1stica forma de dividirlos para aprovechar al m\u00e1ximo el espacio es instalando separados de cristales. De esta forma, se seguir\u00e1 disfrutando de un espacio amplio, di\u00e1fano y lleno de luminosidad, pero separado.<strong><\/strong><\/p>\n\n\n\n<p><strong>Decoraci\u00f3n natural. <\/strong>Las oficinas modernas incluyen elementos naturales como la instalaci\u00f3n de plantas en diferentes zonas y rincones d\u00e1ndoles as\u00ed un toque m\u00e1s acogedor y relajado. Tambi\u00e9n se apuesta por mesas, estanter\u00edas y librer\u00edas de madera.<\/p>\n\n\n\n<p><strong>Iluminaci\u00f3n<\/strong>. El mejor sistema de iluminaci\u00f3n es la tecnolog\u00eda LED. Ofrece numerosas ventajas tanto a nivel funcional como decorativo. Adem\u00e1s, es un sistema m\u00e1s eficiente a nivel energ\u00e9tico y m\u00e1s respetuoso con el medio ambiente.<\/p>\n\n\n\n<p><strong>Sala de reuniones<\/strong>. El dise\u00f1o y la decoraci\u00f3n de las salas de reuni\u00f3n cobra especial importancia. Dependiendo del tipo de negocio, se podr\u00e1 optar por una decoraci\u00f3n u otra. Ante todo, debe contar con mobiliario c\u00f3modo, con pizarras gigantes para realizar presentaciones, con una buena iluminaci\u00f3n\u2026 En la pared se puede poner una frase motivadora junto con el logo de la empresa.<\/p>\n\n\n\n<p><strong>Espacio profesional y acogedor para las visitas<\/strong>. La decoraci\u00f3n debe transmitir una imagen acogedora, pero tambi\u00e9n profesional. La recepci\u00f3n y la sala de espera es lo primero que ven los clientes, por lo que se debe apostar por una decoraci\u00f3n moderna, llena de fuerza, bien iluminada y con un mobiliario c\u00f3modo. Se podr\u00e1n instalar sillones o sof\u00e1s, as\u00ed como mesas auxiliares, plantas\u2026<\/p>\n","protected":false},"excerpt":{"rendered":"<p>En Alquiler-Madrid ponemos a su disposici\u00f3n las mejores oficinas de alquiler de la capital. Con excelentes ubicaciones, nuestras oficinas de alquiler se encuentran situadas en zonas estrat\u00e9gicas y bien comunicadas para el \u00e9xito de su negocio. Contacte con nosotros y le informaremos de las oficinas que tenemos disponibles y de su precio. \u00a1Encuentre la oficina perfecta para su negocio! Alquile con Alquiler-Madrid ya que &#8230;<\/p>\n","protected":false},"author":2,"featured_media":33995,"comment_status":"closed","ping_status":"closed","sticky":false,"template":"","format":"standard","meta":{"_yoast_wpseo_title":"","_yoast_wpseo_metadesc":"","_yoast_wpseo_focuskw":"","rank_math_title":"Ideas para decorar oficinas de alquiler en Madrid","rank_math_description":"Alquiler-Madrid ponemos a su disposici\u00f3n las mejores oficinas de alquiler de la capital.  Descubre algunas ideas para decorar oficinas de alquiler.","rank_math_focus_keyword":"decorar oficinas","footnotes":""},"categories":[282,1],"tags":[428,431,429,430],"class_list":["post-33994","post","type-post","status-publish","format-standard","has-post-thumbnail","hentry","category-alquiler-de-inmuebles-en-madrid","category-sin-categoria","tag-decorar-oficinas","tag-ideas-decoracion-oficinas-de-alquiler","tag-oficinas-de-alquiler","tag-oficinas-de-alquiler-en-madrid"],"_links":{"self":[{"href":"https:\/\/www.alquiler-madrid.com\/es\/wp-json\/wp\/v2\/posts\/33994","targetHints":{"allow":["GET"]}}],"collection":[{"href":"https:\/\/www.alquiler-madrid.com\/es\/wp-json\/wp\/v2\/posts"}],"about":[{"href":"https:\/\/www.alquiler-madrid.com\/es\/wp-json\/wp\/v2\/types\/post"}],"author":[{"embeddable":true,"href":"https:\/\/www.alquiler-madrid.com\/es\/wp-json\/wp\/v2\/users\/2"}],"replies":[{"embeddable":true,"href":"https:\/\/www.alquiler-madrid.com\/es\/wp-json\/wp\/v2\/comments?post=33994"}],"version-history":[{"count":1,"href":"https:\/\/www.alquiler-madrid.com\/es\/wp-json\/wp\/v2\/posts\/33994\/revisions"}],"predecessor-version":[{"id":33996,"href":"https:\/\/www.alquiler-madrid.com\/es\/wp-json\/wp\/v2\/posts\/33994\/revisions\/33996"}],"wp:featuredmedia":[{"embeddable":true,"href":"https:\/\/www.alquiler-madrid.com\/es\/wp-json\/wp\/v2\/media\/33995"}],"wp:attachment":[{"href":"https:\/\/www.alquiler-madrid.com\/es\/wp-json\/wp\/v2\/media?parent=33994"}],"wp:term":[{"taxonomy":"category","embeddable":true,"href":"https:\/\/www.alquiler-madrid.com\/es\/wp-json\/wp\/v2\/categories?post=33994"},{"taxonomy":"post_tag","embeddable":true,"href":"https:\/\/www.alquiler-madrid.com\/es\/wp-json\/wp\/v2\/tags?post=33994"}],"curies":[{"name":"wp","href":"https:\/\/api.w.org\/{rel}","templated":true}]}}